{"id":8004,"date":"2024-08-09T09:01:58","date_gmt":"2024-08-09T09:01:58","guid":{"rendered":"https:\/\/nonews.fi\/fin\/?p=8004"},"modified":"2024-08-09T12:55:14","modified_gmt":"2024-08-09T12:55:14","slug":"kuinka-medioihin-paastaan","status":"publish","type":"post","link":"https:\/\/nonews.fi\/fin\/blog\/kuinka-medioihin-paastaan\/","title":{"rendered":"Kuinka medioihin p\u00e4\u00e4st\u00e4\u00e4n"},"content":{"rendered":"\n<p>Alkuun toimituksessa keksit\u00e4\u00e4n juttuaihe ja sen j\u00e4lkeen siihen etsit\u00e4\u00e4n sopivat haastateltavat. <\/p>\n\n\n\n<p>Omalla aktiivisuudella voit parantaa todenn\u00e4k\u00f6isyytt\u00e4 saada oma aihe mediaan sek\u00e4 tulla haastateltavaksi. <\/p>\n\n\n\n<h3 class=\"wp-block-heading\">Toimittajia kannattaa inspiroida <\/h3>\n\n\n\n<p>Toimittajilla on paljon valtaa sen suhteen, mist\u00e4 aiheesta tai v\u00e4hint\u00e4\u00e4nkin mill\u00e4 kulmalla h\u00e4n journalistina jutun tekee. <\/p>\n\n\n\n<p>Juttuaiheita k\u00e4sitell\u00e4\u00e4n toimituspalavereissa, mutta k\u00e4yt\u00e4nn\u00f6ss\u00e4 toimittajat keksiv\u00e4t aiheita runsaasti itsen\u00e4isesti.<\/p>\n\n\n\n<p>Media p\u00e4\u00e4tt\u00e4\u00e4 jutun julkaisusta, koska se my\u00f6s vastaa siit\u00e4 yleis\u00f6lleen. <\/p>\n\n\n\n<h3 class=\"wp-block-heading\">Juttuvinkeill\u00e4 parannat todenn\u00e4k\u00f6isyytt\u00e4 p\u00e4\u00e4st\u00e4 mediaan<\/h3>\n\n\n\n<p>Juttuvinkit ovat mainio tapa inspiroida toimittajia siit\u00e4, mist\u00e4 juttua voitaisiin tehd\u00e4. Jokaisen median sivulla kerrotaan toimituksen yhteystiedot ja kuinka juttuvinkkej\u00e4 otetaan vastaan. <\/p>\n\n\n\n<p>Voit my\u00f6s l\u00e4hesty\u00e4 suoraan p\u00e4\u00e4toimittajaa, toimitussihteeri\u00e4 tai vaikkapa yksitt\u00e4isi\u00e4 toimittajia hyvill\u00e4, kyseiseen mediaan sopivilla uutisaiheilla. <\/p>\n\n\n\n<p>Kerro aiheesi, miksi se on ajankohtainen ja yleis\u00f6lle t\u00e4rke\u00e4 sek\u00e4 mit\u00e4 sinulla olisi siihen annettavaa. <\/p>\n\n\n\n<h3 class=\"wp-block-heading\">Mihin kaikkeen voin juttuvinkin antajana tai haastateltavana vaikuttaa?  <\/h3>\n\n\n\n<p>Journalismin periaatteiden mukaisesti p\u00e4\u00e4t\u00f6ksenteko jutusta tehd\u00e4\u00e4n yksinomaan toimituksessa, eik\u00e4 p\u00e4\u00e4t\u00f6svaltaa sis\u00e4ll\u00f6st\u00e4 voi ulottaa toimituksen ulkopuolelle. <\/p>\n\n\n\n<p>Niinp\u00e4 esimerkiksi haastateltava ei voi p\u00e4\u00e4tt\u00e4\u00e4 jutun otsikkoa tai edes vaikuttaa siihen, mist\u00e4 kulmasta juttu tehd\u00e4\u00e4n. Riippumaton toimittaja tekee jutun mediaansa omasta mielest\u00e4\u00e4n olennaisesta n\u00e4k\u00f6kulmasta.<\/p>\n\n\n\n<p>Haastateltavana omat lausumat on oikeus etuk\u00e4teen tarkistaa, mik\u00e4li julkaisuaikataulu sen mahdollistaa. My\u00f6s asiavirheet jutusta voi pyyt\u00e4\u00e4 oikaistavaksi. <\/p>\n\n\n\n<h3 class=\"wp-block-heading\"><\/h3>\n","protected":false},"excerpt":{"rendered":"<p>Mediassa keksit\u00e4\u00e4n juttuaihe, jonka j\u00e4lkeen siihen etsit\u00e4\u00e4n sopivat haastateltavat. Omalla aktiivisuudella voit parantaa todenn\u00e4k\u00f6isyytt\u00e4 saada oma aihe mediaan sek\u00e4 tulla haastateltavaksi. <\/p>\n","protected":false},"author":1,"featured_media":6725,"comment_status":"open","ping_status":"open","sticky":false,"template":"","format":"standard","meta":{"inline_featured_image":false,"footnotes":""},"categories":[26],"tags":[37,31,32,30],"class_list":["post-8004","post","type-post","status-publish","format-standard","has-post-thumbnail","hentry","category-articles","tag-ansaittu-media","tag-medianakyvyys","tag-pr","tag-tiedottaminen"],"yoast_head":"<!-- This site is optimized with the Yoast SEO plugin v27.0 - https:\/\/yoast.com\/product\/yoast-seo-wordpress\/ -->\n<title>Kuinka medioihin p\u00e4\u00e4st\u00e4\u00e4n &#8226; Is Good News | Mainos- ja viestint\u00e4toimisto, freelancer | Haastattelut ja lyhytvideot | Sanomia t\u00e4rkeille ihmisille.<\/title>\n<meta name=\"robots\" content=\"index, follow, max-snippet:-1, max-image-preview:large, max-video-preview:-1\" \/>\n<link rel=\"canonical\" href=\"https:\/\/nonews.fi\/fin\/blog\/kuinka-medioihin-paastaan\/\" \/>\n<meta property=\"og:locale\" content=\"fi_FI\" \/>\n<meta property=\"og:type\" content=\"article\" \/>\n<meta property=\"og:title\" content=\"Kuinka medioihin p\u00e4\u00e4st\u00e4\u00e4n &#8226; Is Good News | Mainos- ja viestint\u00e4toimisto, freelancer | Haastattelut ja lyhytvideot | Sanomia t\u00e4rkeille ihmisille.\" \/>\n<meta property=\"og:description\" content=\"Mediassa keksit\u00e4\u00e4n juttuaihe, jonka j\u00e4lkeen siihen etsit\u00e4\u00e4n sopivat haastateltavat. Omalla aktiivisuudella voit parantaa todenn\u00e4k\u00f6isyytt\u00e4 saada oma aihe mediaan sek\u00e4 tulla haastateltavaksi.\" \/>\n<meta property=\"og:url\" content=\"https:\/\/nonews.fi\/fin\/blog\/kuinka-medioihin-paastaan\/\" \/>\n<meta property=\"og:site_name\" content=\"Is Good News | Mainos- ja viestint\u00e4toimisto, freelancer | Haastattelut ja lyhytvideot | Sanomia t\u00e4rkeille ihmisille.\" \/>\n<meta property=\"article:published_time\" content=\"2024-08-09T09:01:58+00:00\" \/>\n<meta property=\"article:modified_time\" content=\"2024-08-09T12:55:14+00:00\" \/>\n<meta property=\"og:image\" content=\"https:\/\/nonews.fi\/fin\/wp-content\/uploads\/2020\/11\/Blog-Single_4-Featured.jpg\" \/>\n\t<meta property=\"og:image:width\" content=\"1094\" \/>\n\t<meta property=\"og:image:height\" content=\"794\" \/>\n\t<meta property=\"og:image:type\" content=\"image\/jpeg\" \/>\n<meta name=\"author\" content=\"Paula Harmaala\" \/>\n<meta name=\"twitter:card\" content=\"summary_large_image\" \/>\n<meta name=\"twitter:label1\" content=\"Kirjoittanut\" \/>\n\t<meta name=\"twitter:data1\" content=\"Paula Harmaala\" \/>\n\t<meta name=\"twitter:label2\" content=\"Arvioitu lukuaika\" \/>\n\t<meta name=\"twitter:data2\" content=\"2 minuuttia\" \/>\n<script type=\"application\/ld+json\" class=\"yoast-schema-graph\">{\"@context\":\"https:\/\/schema.org\",\"@graph\":[{\"@type\":\"Article\",\"@id\":\"https:\/\/nonews.fi\/fin\/blog\/kuinka-medioihin-paastaan\/#article\",\"isPartOf\":{\"@id\":\"https:\/\/nonews.fi\/fin\/blog\/kuinka-medioihin-paastaan\/\"},\"author\":{\"name\":\"Paula Harmaala\",\"@id\":\"https:\/\/nonews.fi\/fin\/#\/schema\/person\/992c548d8083a8ce082d0d1a8a68f9da\"},\"headline\":\"Kuinka medioihin p\u00e4\u00e4st\u00e4\u00e4n\",\"datePublished\":\"2024-08-09T09:01:58+00:00\",\"dateModified\":\"2024-08-09T12:55:14+00:00\",\"mainEntityOfPage\":{\"@id\":\"https:\/\/nonews.fi\/fin\/blog\/kuinka-medioihin-paastaan\/\"},\"wordCount\":231,\"commentCount\":0,\"publisher\":{\"@id\":\"https:\/\/nonews.fi\/fin\/#organization\"},\"image\":{\"@id\":\"https:\/\/nonews.fi\/fin\/blog\/kuinka-medioihin-paastaan\/#primaryimage\"},\"thumbnailUrl\":\"https:\/\/nonews.fi\/fin\/wp-content\/uploads\/2020\/11\/Blog-Single_4-Featured.jpg\",\"keywords\":[\"ansaittu media\",\"median\u00e4kyvyys\",\"PR\",\"tiedottaminen\"],\"articleSection\":[\"Articles\"],\"inLanguage\":\"fi\",\"potentialAction\":[{\"@type\":\"CommentAction\",\"name\":\"Comment\",\"target\":[\"https:\/\/nonews.fi\/fin\/blog\/kuinka-medioihin-paastaan\/#respond\"]}]},{\"@type\":\"WebPage\",\"@id\":\"https:\/\/nonews.fi\/fin\/blog\/kuinka-medioihin-paastaan\/\",\"url\":\"https:\/\/nonews.fi\/fin\/blog\/kuinka-medioihin-paastaan\/\",\"name\":\"Kuinka medioihin p\u00e4\u00e4st\u00e4\u00e4n &#8226; Is Good News | Mainos- ja viestint\u00e4toimisto, freelancer | Haastattelut ja lyhytvideot | Sanomia t\u00e4rkeille ihmisille.\",\"isPartOf\":{\"@id\":\"https:\/\/nonews.fi\/fin\/#website\"},\"primaryImageOfPage\":{\"@id\":\"https:\/\/nonews.fi\/fin\/blog\/kuinka-medioihin-paastaan\/#primaryimage\"},\"image\":{\"@id\":\"https:\/\/nonews.fi\/fin\/blog\/kuinka-medioihin-paastaan\/#primaryimage\"},\"thumbnailUrl\":\"https:\/\/nonews.fi\/fin\/wp-content\/uploads\/2020\/11\/Blog-Single_4-Featured.jpg\",\"datePublished\":\"2024-08-09T09:01:58+00:00\",\"dateModified\":\"2024-08-09T12:55:14+00:00\",\"breadcrumb\":{\"@id\":\"https:\/\/nonews.fi\/fin\/blog\/kuinka-medioihin-paastaan\/#breadcrumb\"},\"inLanguage\":\"fi\",\"potentialAction\":[{\"@type\":\"ReadAction\",\"target\":[\"https:\/\/nonews.fi\/fin\/blog\/kuinka-medioihin-paastaan\/\"]}]},{\"@type\":\"ImageObject\",\"inLanguage\":\"fi\",\"@id\":\"https:\/\/nonews.fi\/fin\/blog\/kuinka-medioihin-paastaan\/#primaryimage\",\"url\":\"https:\/\/nonews.fi\/fin\/wp-content\/uploads\/2020\/11\/Blog-Single_4-Featured.jpg\",\"contentUrl\":\"https:\/\/nonews.fi\/fin\/wp-content\/uploads\/2020\/11\/Blog-Single_4-Featured.jpg\",\"width\":1094,\"height\":794},{\"@type\":\"BreadcrumbList\",\"@id\":\"https:\/\/nonews.fi\/fin\/blog\/kuinka-medioihin-paastaan\/#breadcrumb\",\"itemListElement\":[{\"@type\":\"ListItem\",\"position\":1,\"name\":\"Etusivu\",\"item\":\"https:\/\/nonews.fi\/fin\/\"},{\"@type\":\"ListItem\",\"position\":2,\"name\":\"Kuinka medioihin p\u00e4\u00e4st\u00e4\u00e4n\"}]},{\"@type\":\"WebSite\",\"@id\":\"https:\/\/nonews.fi\/fin\/#website\",\"url\":\"https:\/\/nonews.fi\/fin\/\",\"name\":\"Is Good News | Mainos- ja viestint\u00e4toimisto, freelancer | Haastattelut ja lyhytvideot | Sanomia t\u00e4rkeille ihmisille.\",\"description\":\"Jokainen asia on kerrottavissa siten, ett\u00e4 sen arvo kohdeyleis\u00f6ss\u00e4 todella ymm\u00e4rret\u00e4\u00e4n.\",\"publisher\":{\"@id\":\"https:\/\/nonews.fi\/fin\/#organization\"},\"potentialAction\":[{\"@type\":\"SearchAction\",\"target\":{\"@type\":\"EntryPoint\",\"urlTemplate\":\"https:\/\/nonews.fi\/fin\/?s={search_term_string}\"},\"query-input\":{\"@type\":\"PropertyValueSpecification\",\"valueRequired\":true,\"valueName\":\"search_term_string\"}}],\"inLanguage\":\"fi\"},{\"@type\":\"Organization\",\"@id\":\"https:\/\/nonews.fi\/fin\/#organization\",\"name\":\"Is Good News\",\"url\":\"https:\/\/nonews.fi\/fin\/\",\"logo\":{\"@type\":\"ImageObject\",\"inLanguage\":\"fi\",\"@id\":\"https:\/\/nonews.fi\/fin\/#\/schema\/logo\/image\/\",\"url\":\"https:\/\/nonews.fi\/fin\/wp-content\/uploads\/2018\/11\/isgoodnews_logo_kulta.png\",\"contentUrl\":\"https:\/\/nonews.fi\/fin\/wp-content\/uploads\/2018\/11\/isgoodnews_logo_kulta.png\",\"width\":500,\"height\":198,\"caption\":\"Is Good News\"},\"image\":{\"@id\":\"https:\/\/nonews.fi\/fin\/#\/schema\/logo\/image\/\"}},{\"@type\":\"Person\",\"@id\":\"https:\/\/nonews.fi\/fin\/#\/schema\/person\/992c548d8083a8ce082d0d1a8a68f9da\",\"name\":\"Paula Harmaala\",\"image\":{\"@type\":\"ImageObject\",\"inLanguage\":\"fi\",\"@id\":\"https:\/\/nonews.fi\/fin\/#\/schema\/person\/image\/\",\"url\":\"https:\/\/secure.gravatar.com\/avatar\/e80bcc70557da878eafbfdcf597f396d5f7120d5afef35ddbd11a0395be51098?s=96&d=mm&r=g\",\"contentUrl\":\"https:\/\/secure.gravatar.com\/avatar\/e80bcc70557da878eafbfdcf597f396d5f7120d5afef35ddbd11a0395be51098?s=96&d=mm&r=g\",\"caption\":\"Paula Harmaala\"},\"url\":\"https:\/\/nonews.fi\/fin\/blog\/author\/paula\/\"}]}<\/script>\n<!-- \/ Yoast SEO plugin. -->","yoast_head_json":{"title":"Kuinka medioihin p\u00e4\u00e4st\u00e4\u00e4n &#8226; Is Good News | Mainos- ja viestint\u00e4toimisto, freelancer | Haastattelut ja lyhytvideot | Sanomia t\u00e4rkeille ihmisille.","robots":{"index":"index","follow":"follow","max-snippet":"max-snippet:-1","max-image-preview":"max-image-preview:large","max-video-preview":"max-video-preview:-1"},"canonical":"https:\/\/nonews.fi\/fin\/blog\/kuinka-medioihin-paastaan\/","og_locale":"fi_FI","og_type":"article","og_title":"Kuinka medioihin p\u00e4\u00e4st\u00e4\u00e4n &#8226; Is Good News | Mainos- ja viestint\u00e4toimisto, freelancer | Haastattelut ja lyhytvideot | Sanomia t\u00e4rkeille ihmisille.","og_description":"Mediassa keksit\u00e4\u00e4n juttuaihe, jonka j\u00e4lkeen siihen etsit\u00e4\u00e4n sopivat haastateltavat. Omalla aktiivisuudella voit parantaa todenn\u00e4k\u00f6isyytt\u00e4 saada oma aihe mediaan sek\u00e4 tulla haastateltavaksi.","og_url":"https:\/\/nonews.fi\/fin\/blog\/kuinka-medioihin-paastaan\/","og_site_name":"Is Good News | Mainos- ja viestint\u00e4toimisto, freelancer | Haastattelut ja lyhytvideot | Sanomia t\u00e4rkeille ihmisille.","article_published_time":"2024-08-09T09:01:58+00:00","article_modified_time":"2024-08-09T12:55:14+00:00","og_image":[{"width":1094,"height":794,"url":"https:\/\/nonews.fi\/fin\/wp-content\/uploads\/2020\/11\/Blog-Single_4-Featured.jpg","type":"image\/jpeg"}],"author":"Paula Harmaala","twitter_card":"summary_large_image","twitter_misc":{"Kirjoittanut":"Paula Harmaala","Arvioitu lukuaika":"2 minuuttia"},"schema":{"@context":"https:\/\/schema.org","@graph":[{"@type":"Article","@id":"https:\/\/nonews.fi\/fin\/blog\/kuinka-medioihin-paastaan\/#article","isPartOf":{"@id":"https:\/\/nonews.fi\/fin\/blog\/kuinka-medioihin-paastaan\/"},"author":{"name":"Paula Harmaala","@id":"https:\/\/nonews.fi\/fin\/#\/schema\/person\/992c548d8083a8ce082d0d1a8a68f9da"},"headline":"Kuinka medioihin p\u00e4\u00e4st\u00e4\u00e4n","datePublished":"2024-08-09T09:01:58+00:00","dateModified":"2024-08-09T12:55:14+00:00","mainEntityOfPage":{"@id":"https:\/\/nonews.fi\/fin\/blog\/kuinka-medioihin-paastaan\/"},"wordCount":231,"commentCount":0,"publisher":{"@id":"https:\/\/nonews.fi\/fin\/#organization"},"image":{"@id":"https:\/\/nonews.fi\/fin\/blog\/kuinka-medioihin-paastaan\/#primaryimage"},"thumbnailUrl":"https:\/\/nonews.fi\/fin\/wp-content\/uploads\/2020\/11\/Blog-Single_4-Featured.jpg","keywords":["ansaittu media","median\u00e4kyvyys","PR","tiedottaminen"],"articleSection":["Articles"],"inLanguage":"fi","potentialAction":[{"@type":"CommentAction","name":"Comment","target":["https:\/\/nonews.fi\/fin\/blog\/kuinka-medioihin-paastaan\/#respond"]}]},{"@type":"WebPage","@id":"https:\/\/nonews.fi\/fin\/blog\/kuinka-medioihin-paastaan\/","url":"https:\/\/nonews.fi\/fin\/blog\/kuinka-medioihin-paastaan\/","name":"Kuinka medioihin p\u00e4\u00e4st\u00e4\u00e4n &#8226; Is Good News | Mainos- ja viestint\u00e4toimisto, freelancer | Haastattelut ja lyhytvideot | Sanomia t\u00e4rkeille ihmisille.","isPartOf":{"@id":"https:\/\/nonews.fi\/fin\/#website"},"primaryImageOfPage":{"@id":"https:\/\/nonews.fi\/fin\/blog\/kuinka-medioihin-paastaan\/#primaryimage"},"image":{"@id":"https:\/\/nonews.fi\/fin\/blog\/kuinka-medioihin-paastaan\/#primaryimage"},"thumbnailUrl":"https:\/\/nonews.fi\/fin\/wp-content\/uploads\/2020\/11\/Blog-Single_4-Featured.jpg","datePublished":"2024-08-09T09:01:58+00:00","dateModified":"2024-08-09T12:55:14+00:00","breadcrumb":{"@id":"https:\/\/nonews.fi\/fin\/blog\/kuinka-medioihin-paastaan\/#breadcrumb"},"inLanguage":"fi","potentialAction":[{"@type":"ReadAction","target":["https:\/\/nonews.fi\/fin\/blog\/kuinka-medioihin-paastaan\/"]}]},{"@type":"ImageObject","inLanguage":"fi","@id":"https:\/\/nonews.fi\/fin\/blog\/kuinka-medioihin-paastaan\/#primaryimage","url":"https:\/\/nonews.fi\/fin\/wp-content\/uploads\/2020\/11\/Blog-Single_4-Featured.jpg","contentUrl":"https:\/\/nonews.fi\/fin\/wp-content\/uploads\/2020\/11\/Blog-Single_4-Featured.jpg","width":1094,"height":794},{"@type":"BreadcrumbList","@id":"https:\/\/nonews.fi\/fin\/blog\/kuinka-medioihin-paastaan\/#breadcrumb","itemListElement":[{"@type":"ListItem","position":1,"name":"Etusivu","item":"https:\/\/nonews.fi\/fin\/"},{"@type":"ListItem","position":2,"name":"Kuinka medioihin p\u00e4\u00e4st\u00e4\u00e4n"}]},{"@type":"WebSite","@id":"https:\/\/nonews.fi\/fin\/#website","url":"https:\/\/nonews.fi\/fin\/","name":"Is Good News | Mainos- ja viestint\u00e4toimisto, freelancer | Haastattelut ja lyhytvideot | Sanomia t\u00e4rkeille ihmisille.","description":"Jokainen asia on kerrottavissa siten, ett\u00e4 sen arvo kohdeyleis\u00f6ss\u00e4 todella ymm\u00e4rret\u00e4\u00e4n.","publisher":{"@id":"https:\/\/nonews.fi\/fin\/#organization"},"potentialAction":[{"@type":"SearchAction","target":{"@type":"EntryPoint","urlTemplate":"https:\/\/nonews.fi\/fin\/?s={search_term_string}"},"query-input":{"@type":"PropertyValueSpecification","valueRequired":true,"valueName":"search_term_string"}}],"inLanguage":"fi"},{"@type":"Organization","@id":"https:\/\/nonews.fi\/fin\/#organization","name":"Is Good News","url":"https:\/\/nonews.fi\/fin\/","logo":{"@type":"ImageObject","inLanguage":"fi","@id":"https:\/\/nonews.fi\/fin\/#\/schema\/logo\/image\/","url":"https:\/\/nonews.fi\/fin\/wp-content\/uploads\/2018\/11\/isgoodnews_logo_kulta.png","contentUrl":"https:\/\/nonews.fi\/fin\/wp-content\/uploads\/2018\/11\/isgoodnews_logo_kulta.png","width":500,"height":198,"caption":"Is Good News"},"image":{"@id":"https:\/\/nonews.fi\/fin\/#\/schema\/logo\/image\/"}},{"@type":"Person","@id":"https:\/\/nonews.fi\/fin\/#\/schema\/person\/992c548d8083a8ce082d0d1a8a68f9da","name":"Paula Harmaala","image":{"@type":"ImageObject","inLanguage":"fi","@id":"https:\/\/nonews.fi\/fin\/#\/schema\/person\/image\/","url":"https:\/\/secure.gravatar.com\/avatar\/e80bcc70557da878eafbfdcf597f396d5f7120d5afef35ddbd11a0395be51098?s=96&d=mm&r=g","contentUrl":"https:\/\/secure.gravatar.com\/avatar\/e80bcc70557da878eafbfdcf597f396d5f7120d5afef35ddbd11a0395be51098?s=96&d=mm&r=g","caption":"Paula Harmaala"},"url":"https:\/\/nonews.fi\/fin\/blog\/author\/paula\/"}]}},"_links":{"self":[{"href":"https:\/\/nonews.fi\/fin\/wp-json\/wp\/v2\/posts\/8004","targetHints":{"allow":["GET"]}}],"collection":[{"href":"https:\/\/nonews.fi\/fin\/wp-json\/wp\/v2\/posts"}],"about":[{"href":"https:\/\/nonews.fi\/fin\/wp-json\/wp\/v2\/types\/post"}],"author":[{"embeddable":true,"href":"https:\/\/nonews.fi\/fin\/wp-json\/wp\/v2\/users\/1"}],"replies":[{"embeddable":true,"href":"https:\/\/nonews.fi\/fin\/wp-json\/wp\/v2\/comments?post=8004"}],"version-history":[{"count":13,"href":"https:\/\/nonews.fi\/fin\/wp-json\/wp\/v2\/posts\/8004\/revisions"}],"predecessor-version":[{"id":8140,"href":"https:\/\/nonews.fi\/fin\/wp-json\/wp\/v2\/posts\/8004\/revisions\/8140"}],"wp:featuredmedia":[{"embeddable":true,"href":"https:\/\/nonews.fi\/fin\/wp-json\/wp\/v2\/media\/6725"}],"wp:attachment":[{"href":"https:\/\/nonews.fi\/fin\/wp-json\/wp\/v2\/media?parent=8004"}],"wp:term":[{"taxonomy":"category","embeddable":true,"href":"https:\/\/nonews.fi\/fin\/wp-json\/wp\/v2\/categories?post=8004"},{"taxonomy":"post_tag","embeddable":true,"href":"https:\/\/nonews.fi\/fin\/wp-json\/wp\/v2\/tags?post=8004"}],"curies":[{"name":"wp","href":"https:\/\/api.w.org\/{rel}","templated":true}]}}